{"id":66,"date":"2023-08-16T22:20:01","date_gmt":"2023-08-16T22:20:01","guid":{"rendered":"https:\/\/dawson2000.com\/?p=66"},"modified":"2023-09-11T15:06:21","modified_gmt":"2023-09-11T15:06:21","slug":"tiempos-oscuros-en-dawson-relatos-de-ex-presos-politicos-en-la-edicion-de-el-magallanes-del-10-de-diciembre-de-2000","status":"publish","type":"post","link":"https:\/\/dawson2000.com\/index.php\/2023\/08\/16\/tiempos-oscuros-en-dawson-relatos-de-ex-presos-politicos-en-la-edicion-de-el-magallanes-del-10-de-diciembre-de-2000\/","title":{"rendered":"Tiempos Oscuros en Dawson: Relatos de Ex Presos Pol\u00edticos en la Edici\u00f3n de El Magallanes del 10 de diciembre de 2000"},"content":{"rendered":"\n<p>&#8220;<strong>A continuaci\u00f3n reproducimos en su totalidad el art\u00edculo<\/strong> &#8220;Vivencias de ex presos pol\u00edticos en Dawson&#8221;, <strong>publicado en la edici\u00f3n impresa del diario El Magallanes de Punta Arenas el 10 de diciembre de 2000<\/strong>. El art\u00edculo est\u00e1 basado en la informaci\u00f3n que se encuentra en <strong><a href=\"http:\/\/www.dawson2000.com\/\">www.Dawson2000.com<\/a><\/strong> y en los testimonios de los ex dawsonianos Francisco Alarc\u00f3n (Remo) y Manuel Aguilante. Una versi\u00f3n de este art\u00edculo con solo dos de las fotos se public\u00f3 en el sitio web del diario La Prensa Austral.<\/p>\n\n\n\n<hr class=\"wp-block-separator has-alpha-channel-opacity\"\/>\n\n\n\n<p><strong>El Magallanes, Punta Arenas, 10 de diciembre de 2000.<\/strong><\/p>\n\n\n\n<p>Vivencias de ex presos pol\u00edticos en Dawson*<\/p>\n\n\n\n<p><em>Fui sacado de la isla, despu\u00e9s de un proceso de tortura absolutamente bestial, con simulacro de fusilamiento incluido, y embarcado en una barcaza que parti\u00f3 rumbo a Punta Arenas, siendo varias veces, en el mismo trayecto, zambullido en las aguas del estrecho<\/em>, recuerda hoy el dirigente comunista Francisco Alarc\u00f3n.<\/p>\n\n\n\n<p>Por Poly Ra\u00fan<\/p>\n\n\n\n<figure class=\"wp-block-image size-full\"><img fetchpriority=\"high\" decoding=\"async\" width=\"335\" height=\"205\" src=\"https:\/\/dawson2000.com\/wp-content\/uploads\/2023\/08\/Dawsonoct73.jpg\" alt=\"\" class=\"wp-image-67\" srcset=\"https:\/\/dawson2000.com\/wp-content\/uploads\/2023\/08\/Dawsonoct73.jpg 335w, https:\/\/dawson2000.com\/wp-content\/uploads\/2023\/08\/Dawsonoct73-300x184.jpg 300w\" sizes=\"(max-width: 335px) 100vw, 335px\" \/><\/figure>\n\n\n\n<p>Un grupo de presos pol\u00edticos magall\u00e1nicos confinados en el campamento de Compingim, captado en octubre de 1973. Aunque es dif\u00edcil identificarlos, por la mala calidad de la foto, entre otros aparecen Luis Belmar, Sergio C\u00e1rdenas Sanhueza, Ram\u00f3n Chaparro, Arist\u00f3teles Espa\u00f1a, Mario Galetovic, Rub\u00e9n Moil y Nolberto Rodr\u00edguez.<\/p>\n\n\n\n<hr class=\"wp-block-separator has-alpha-channel-opacity\"\/>\n\n\n\n<figure class=\"wp-block-image size-full\"><img decoding=\"async\" width=\"461\" height=\"228\" src=\"https:\/\/dawson2000.com\/wp-content\/uploads\/2023\/08\/Dawsonseptiembre74.jpg\" alt=\"\" class=\"wp-image-68\" srcset=\"https:\/\/dawson2000.com\/wp-content\/uploads\/2023\/08\/Dawsonseptiembre74.jpg 461w, https:\/\/dawson2000.com\/wp-content\/uploads\/2023\/08\/Dawsonseptiembre74-300x148.jpg 300w\" sizes=\"(max-width: 461px) 100vw, 461px\" \/><\/figure>\n\n\n\n<p>Esta foto fue tomada a mediados de septiembre de 1974 en las afueras del Campamento de Concentraci\u00f3n R\u00edo Chico e incluye la mayor\u00eda de los detenidos de la Barraca Remo y los \u00faltimos que quedaban de la Barraca Alfa. Entre otros aparecen identificables los siguientes compa\u00f1eros: Custodio Aguilar, Jorge Arriagada, Jaime Arizaga, Francisco Alarc\u00f3n, Jos\u00e9 Alarc\u00f3n, Benjam\u00edn C\u00e1rdenas, Jos\u00e9 Coronado, Alfredo Corte, Arturo Cheuqueman, Armando Figueroa, Abramor Gonz\u00e1lez, Carlos Gonz\u00e1lez, Cesar Guelet, Aquiles Gallardo, Manuel Hern\u00e1ndez, Jorge Kusanovic, Fernando Lanfranco, Rigoberto Mancilla, Francisco M\u00e1rquez, Aldo Mayor, Guillermo Mel, Rub\u00e9n Moil, Jos\u00e9 Montiel, Alejandro Olate, Santiago Oyarzun, Abel Paillaman, Manuel Parada, Libio P\u00e9rez, Gast\u00f3n Prieto, Juan Soto, Enrique Rey, Hugo Rubio, Sergio Urrutia, Rudesindo Valderrama, Luis Valencia, Eliecer Valencia, Jos\u00e9 Vargas y Elbio Ya\u00f1es.<\/p>\n\n\n\n<hr class=\"wp-block-separator has-alpha-channel-opacity\"\/>\n\n\n\n<p>Para los ex presos pol\u00edticos que fueron confinados en la isla Dawson tras el Golpe de Estado de 1973, este apartado lugar constituye una p\u00e1gina negra de la historia de sus vidas. Hasta dicho campo de concentraci\u00f3n ubicado en el medio del estrecho de Magallanes no solamente fueron enviados magall\u00e1nicos, sino que tambi\u00e9n connotados dirigentes de organizaciones nacionales. Dos d\u00edas despu\u00e9s del 11 de septiembre de 1973, el entonces general Manuel Torres de la Cruz daba cuenta de que hasta el momento las personas detenidas en la provincia sumaban 80 y que la mayor parte se encontraba confinada en Dawson. Al mismo tiempo, se\u00f1alaba que el motivo de las detenciones hab\u00eda sido sacar de circulaci\u00f3n &#8220;a toda gente que pod\u00eda haberse constituido en una bomba de tiempo&#8221;. Sin embargo, se estima que por el lugar pasaron m\u00e1s de 500 personas llegadas desde diferentes puntos del territorio nacional. Personalidades de la \u00e9poca como el ex canciller Orlando Letelier, Luis Corval\u00e1n, Aniceto Rodr\u00edguez, Jos\u00e9 Toh\u00e1, entre otros, debieron soportar el destierro en condiciones que muchos han calificado de humillantes y tambi\u00e9n inhumanas. Hace dos a\u00f1os, con ocasi\u00f3n de una serie de entrevistas que abordaron los 25 a\u00f1os del golpe, el abogado Gerardo \u00c1lvarez, fiscal militar de la \u00e9poca, precis\u00f3 que los detenidos estaban sujetos a una disciplina militar, de vida de cuartel, sin ninguna obligaci\u00f3n de trabajo, salvo recoger le\u00f1a para hacer el aprovisionamiento del invierno. \u00c1lvarez visit\u00f3 varias veces el campo de concentraci\u00f3n en cumplimiento de los exhortos de los tribunales de Santiago y de otras partes del pa\u00eds que ordenaban interrogar a los detenidos que hab\u00edan sido tra\u00eddos desde otros puntos.<\/p>\n\n\n\n<hr class=\"wp-block-separator has-alpha-channel-opacity\"\/>\n\n\n\n<p>Desmienten muertes<\/p>\n\n\n\n<p>Pero los rumores de que se habr\u00edan producido algunos muertos entre las personas que fueron confinadas en la isla Dawson enrarecieron el ambiente y causaron la natural impaciencia de los familiares. Esto llev\u00f3 a la Junta de Gobierno Militar Provincial a emitir una declaraci\u00f3n p\u00fablica desmintiendo tal informaci\u00f3n. Algunos de los rumores llegados hasta el general Torres de la Cruz indicaban que estar\u00edan fallecidos Alberto Maranguunic y Mario Galetovic, y que se habr\u00eda suicidado Carlos Zanzi. &#8220;Todo es falso&#8221;, expres\u00f3 enf\u00e1ticamente el alto oficial. &#8220;Estos se\u00f1ores y todos los prisioneros gozan de buena salud&#8221;, afirm\u00f3. Muchos de ellos fueron tra\u00eddos a otros recintos de reclusi\u00f3n habilitados en Punta Arenas, mientras que otros debieron partir al exilio. Sin embargo, hubo quienes debieron vivir largos meses de desolaci\u00f3n en Dawson.<\/p>\n\n\n\n<hr class=\"wp-block-separator has-alpha-channel-opacity\"\/>\n\n\n\n<figure class=\"wp-block-image size-full\"><img decoding=\"async\" width=\"329\" height=\"223\" src=\"https:\/\/dawson2000.com\/wp-content\/uploads\/2023\/08\/Dawsonoct73-2.jpg\" alt=\"\" class=\"wp-image-69\" srcset=\"https:\/\/dawson2000.com\/wp-content\/uploads\/2023\/08\/Dawsonoct73-2.jpg 329w, https:\/\/dawson2000.com\/wp-content\/uploads\/2023\/08\/Dawsonoct73-2-300x203.jpg 300w\" sizes=\"(max-width: 329px) 100vw, 329px\" \/><\/figure>\n\n\n\n<p>Detenidos pol\u00edticos magall\u00e1nicos regresan al campo de concentraci\u00f3n despu\u00e9s de hacer trabajos forzados. Entre otros, se observan a Benjam\u00edn C\u00e1rdenas, Ren\u00e9 C\u00e1rdenas, Antonio Gonz\u00e1lez, Alberto Maranguunic, Fulvio Molteni, Patricio Pinto, Patricio Rettig y Enrique Rey.<\/p>\n\n\n\n<hr class=\"wp-block-separator has-alpha-channel-opacity\"\/>\n\n\n\n<p>Testimonios<\/p>\n\n\n\n<p>Como ex preso pol\u00edtico y exonerado a la vez, Manuel Aguilante Barrientos se ha constituido en un ferviente e incansable luchador en la recuperaci\u00f3n de sus derechos que perdi\u00f3 hace 27 a\u00f1os. Fue detenido en Punta Arenas el 18 de septiembre y tras casi 100 &#8220;terribles d\u00edas&#8221; recluido en el destacamento Cochrane, parti\u00f3 a Dawson. &#8220;En comparaci\u00f3n a lo vivido en la unidad naval, all\u00ed exist\u00edan mejores condiciones de vida. Las barracas eran m\u00e1s abrigadas y hasta la calefacci\u00f3n era mejor. Exist\u00eda un tacho donde nos calefaccion\u00e1bamos y una taza donde hacer nuestras necesidades&#8221;, record\u00f3. Muchos fueron sometidos a trabajos forzados, aunque Aguilante tuvo fortuna. &#8220;Yo trabaj\u00e9 con Talo Mansilla en el tallado de la piedra, raz\u00f3n por la cual me liber\u00e9 de participar en los trabajos de acarreo de madera y de limpieza de r\u00edo en condiciones clim\u00e1ticas realmente duras&#8221;, relat\u00f3. Luego de 5 meses en la isla, fue trasladado hasta los camarines del Estadio Fiscal, recinto donde, seg\u00fan su versi\u00f3n, tambi\u00e9n se tortur\u00f3.<\/p>\n\n\n\n<hr class=\"wp-block-separator has-alpha-channel-opacity\"\/>\n\n\n\n<p>Temi\u00f3 no salir vivo<\/p>\n\n\n\n<p>El antiguo dirigente comunista Francisco Alarc\u00f3n confiesa que temi\u00f3 no salir vivo de la isla. Ir\u00f3nicamente, se declara uno de los fundadores de este campo de concentraci\u00f3n. Lleg\u00f3 al anochecer del mismo 11 de septiembre hasta el recinto de prisioneros que hab\u00eda sido construido en r\u00edo Compingim, en compa\u00f1\u00eda de otras 70 personas detenidas en Punta Arenas, entre autoridades del gobierno de turno, jefes de servicios, funcionarios p\u00fablicos y pol\u00edticos. En diciembre de 1973, todos ellos fueron trasladados al campo definitivo habilitado en el sector de r\u00edo Chico. Los \u00faltimos detenidos estuvieron hasta septiembre de 1974. Alarc\u00f3n asegura que esta experiencia fue &#8220;terrible&#8221; y &#8220;tenebrosa&#8221;, porque jam\u00e1s se imagin\u00f3 que las fuerzas militares llegar\u00edan a actuar al extremo que lo hicieron. &#8220;No est\u00e1bamos preparados porque no busc\u00e1bamos la guerra ni el enfrentamiento, sino la construcci\u00f3n de un pa\u00eds pac\u00edfico y justo&#8221;, anot\u00f3. A pesar de haber sido amenazado con querellas, volvi\u00f3 a acusar al retirado general Torres de la Cruz como &#8220;uno de los muchos torturadores que hubo en Magallanes y que personalmente me tortur\u00f3 a m\u00ed. Remarc\u00f3 que los procedimientos utilizados en la zona fueron &#8220;terror\u00edficos&#8221;, al evocar que &#8220;en la noche del 17 de septiembre de 1973 fui sacado de Dawson, despu\u00e9s de un proceso de tortura absolutamente bestial, con simulacro de fusilamiento incluido, y embarcado en una barcaza que parti\u00f3 rumbo a Punta Arenas, siendo varias veces, en el mismo trayecto, zambullido en las aguas del estrecho. Yo perd\u00ed el conocimiento en la tercera zambullida y volv\u00ed a recobrarlo al d\u00eda siguiente en el pol\u00edgono del regimiento Cochrane&#8221;.<\/p>\n\n\n\n<hr class=\"wp-block-separator has-alpha-channel-opacity\"\/>\n\n\n\n<p>La portada de la p\u00e1gina web &#8220;Dawson2000&#8221; ubica geogr\u00e1ficamente el lugar donde funcion\u00f3 uno de los mayores campos de prisioneros pol\u00edticos.<\/p>\n\n\n\n<p>Dawson 2000<\/p>\n\n\n\n<p>El 21 de noviembre \u00faltimo, pero hace 27 a\u00f1os, se dio comienzo al primer consejo de guerra de prisioneros pol\u00edticos en Magallanes. Enfrentaron este consejo 13 socialistas que hab\u00edan sido &#8220;secuestrados y torturados&#8221; por agentes del Estado. Dentro de este contexto y como un reconocimiento a los ideales que se enjuiciaron con estos detenidos y en repudio a las violaciones de derechos humanos que ejemplifica este juicio, naci\u00f3 p\u00fablicamente el proyecto de informaci\u00f3n y desarrollo cultural Dawson 2000. A trav\u00e9s de la p\u00e1gina web <a href=\"http:\/\/www.dawson2000.com\/\">www.Dawson2000.com<\/a> se entregan testimonios y se divulgan fotograf\u00edas in\u00e9ditas en un aporte al desarrollo social, pol\u00edtico y cultural de los derechos humanos en Chile. En el \u00e1mbito cultural, tambi\u00e9n cabe mencionar el libro &#8220;Dawson&#8221; publicado por Arist\u00f3teles Espa\u00f1a, donde relata las vivencias a los 17 a\u00f1os, en el per\u00edodo 1973-1974 en que permaneci\u00f3 detenido por razones pol\u00edticas. La obra literaria obtuvo el Premio Latinoamericano de Poes\u00eda Rub\u00e9n Dar\u00edo, del Ministerio de Cultura de Nicaragua en el a\u00f1o 1985, y ha sido traducida al ingl\u00e9s, franc\u00e9s, portugu\u00e9s, sueco, ruso y al italiano.<\/p>\n\n\n\n<p>Esta xilograf\u00eda de Hector Avil\u00e9s muestra la entrada al campo de concentraci\u00f3n R\u00edo Chico, Isla Dawson en 1974. En primer plano aparece el compa\u00f1ero Luis Corval\u00e1n cargando un saco con piedras y vestido como casi siempre lo hac\u00eda, muy abrigado, con su poncho y bufanda.<\/p>\n\n\n\n<p><em>Nota del Editor: Las fotos publicadas por el Diario EL Magallanes, as\u00ed como la identificaci\u00f3n de los compa\u00f1eros que aparecen en ellas, fueron reproducidas de nuestro portal internet Dawson 2000.<\/em><\/p>\n","protected":false},"excerpt":{"rendered":"<p>&#8220;A continuaci\u00f3n reproducimos en su totalidad el art\u00edculo &#8220;Vivencias de ex presos pol\u00edticos en Dawson&#8221;, publicado en la edici\u00f3n impresa del diario El Magallanes de Punta Arenas el 10 de diciembre de 2000. El art\u00edculo est\u00e1 basado en la informaci\u00f3n que se encuentra en www.Dawson2000.com y en los testimonios de&#8230;<\/p>\n","protected":false},"author":1,"featured_media":100,"comment_status":"open","ping_status":"closed","sticky":false,"template":"","format":"standard","meta":{"footnotes":""},"categories":[4],"tags":[],"class_list":["post-66","post","type-post","status-publish","format-standard","has-post-thumbnail","hentry","category-articulos"],"_links":{"self":[{"href":"https:\/\/dawson2000.com\/index.php\/wp-json\/wp\/v2\/posts\/66","targetHints":{"allow":["GET"]}}],"collection":[{"href":"https:\/\/dawson2000.com\/index.php\/wp-json\/wp\/v2\/posts"}],"about":[{"href":"https:\/\/dawson2000.com\/index.php\/wp-json\/wp\/v2\/types\/post"}],"author":[{"embeddable":true,"href":"https:\/\/dawson2000.com\/index.php\/wp-json\/wp\/v2\/users\/1"}],"replies":[{"embeddable":true,"href":"https:\/\/dawson2000.com\/index.php\/wp-json\/wp\/v2\/comments?post=66"}],"version-history":[{"count":1,"href":"https:\/\/dawson2000.com\/index.php\/wp-json\/wp\/v2\/posts\/66\/revisions"}],"predecessor-version":[{"id":70,"href":"https:\/\/dawson2000.com\/index.php\/wp-json\/wp\/v2\/posts\/66\/revisions\/70"}],"wp:featuredmedia":[{"embeddable":true,"href":"https:\/\/dawson2000.com\/index.php\/wp-json\/wp\/v2\/media\/100"}],"wp:attachment":[{"href":"https:\/\/dawson2000.com\/index.php\/wp-json\/wp\/v2\/media?parent=66"}],"wp:term":[{"taxonomy":"category","embeddable":true,"href":"https:\/\/dawson2000.com\/index.php\/wp-json\/wp\/v2\/categories?post=66"},{"taxonomy":"post_tag","embeddable":true,"href":"https:\/\/dawson2000.com\/index.php\/wp-json\/wp\/v2\/tags?post=66"}],"curies":[{"name":"wp","href":"https:\/\/api.w.org\/{rel}","templated":true}]}}